{"id":3905,"date":"2021-05-29T23:29:05","date_gmt":"2021-05-29T20:29:05","guid":{"rendered":"https:\/\/www.uksestukseni.ee\/?p=3905"},"modified":"2021-05-29T23:29:05","modified_gmt":"2021-05-29T20:29:05","slug":"vana-moobli-aravedu-ehitusprahi-aravedu-moobli-utiliseerimine-tallinnas-kuidas-see-toimib","status":"publish","type":"post","link":"https:\/\/www.uksestukseni.ee\/ru\/2021\/05\/29\/vana-moobli-aravedu-ehitusprahi-aravedu-moobli-utiliseerimine-tallinnas-kuidas-see-toimib\/","title":{"rendered":"Vana m\u00f6\u00f6bli \u00e4ravedu, ehitusprahi \u00e4ravedu, m\u00f6\u00f6bli utiliseerimine Tallinnas. Kuidas see toimib?"},"content":{"rendered":"<div class=\"wpb-content-wrapper\"><div class=\"wpb_row vc_inner vc_row vc_row-fluid attched-false \">\n<div class=\"wpb_column vc_column_container vc_col-sm-12\">\n<div class=\"vc_column-inner \">\n<h4 class=\"wpb_wrapper\">\u00a0Vana m\u00f6\u00f6bli \u00e4ravedu, ehitusprahi \u00e4ravedu, m\u00f6\u00f6bli utiliseerimine Tallinnas. T\u00f6\u00f6mehed abiks prahi \u00e4raviskamisel konteineritesse. <a href=\"http:\/\/www.uksestukseni.ee\">www.uksestukseni.ee<\/a><\/h4>\n<\/div>\n<\/div>\n<\/div>\n<div class=\"wpb_row vc_inner vc_row vc_row-fluid attched-false \">\n<div class=\"wpb_column vc_column_container vc_col-sm-12\">\n<div class=\"vc_column-inner \">\n<div class=\"wpb_wrapper\">\n<div id=\"list-9\" class=\"mk-list-styles mk-align-none clear\" data-charcode=\"mk-icon-angle-right\" data-family=\"\">\n<p><img decoding=\"async\" class=\"size-medium wp-image-1330 alignnone\" src=\"https:\/\/www.uksestukseni.ee\/wp-content\/uploads\/2018\/02\/vana-mbli-ravedu-mbli-utiliseerimine-ehitusjtmete-ravedu-vana-kola-ravedu.uksest-ukseni-kolimisteenus-11-300x225.jpg\" alt=\"Vana m\u00f6\u00f6bli \u00e4ravedu, m\u00f6\u00f6bli utiliseerimine, ehitusj\u00e4\u00e4tmete \u00e4ravedu, vana kola \u00e4ravedu.Uksest Ukseni Kolimisteenus (2) Vana m\u00f6\u00f6bli \u00e4ravedu, ehitusprahi \u00e4ravedu, m\u00f6\u00f6bli utiliseerimine Tallinnas\" width=\"300\" height=\"225\" srcset=\"https:\/\/www.uksestukseni.ee\/wp-content\/uploads\/2018\/02\/vana-mbli-ravedu-mbli-utiliseerimine-ehitusjtmete-ravedu-vana-kola-ravedu.uksest-ukseni-kolimisteenus-11-300x225.jpg 300w, https:\/\/www.uksestukseni.ee\/wp-content\/uploads\/2018\/02\/vana-mbli-ravedu-mbli-utiliseerimine-ehitusjtmete-ravedu-vana-kola-ravedu.uksest-ukseni-kolimisteenus-11-768x576.jpg 768w, https:\/\/www.uksestukseni.ee\/wp-content\/uploads\/2018\/02\/vana-mbli-ravedu-mbli-utiliseerimine-ehitusjtmete-ravedu-vana-kola-ravedu.uksest-ukseni-kolimisteenus-11-1024x768.jpg 1024w, https:\/\/www.uksestukseni.ee\/wp-content\/uploads\/2018\/02\/vana-mbli-ravedu-mbli-utiliseerimine-ehitusjtmete-ravedu-vana-kola-ravedu.uksest-ukseni-kolimisteenus-11-600x450.jpg 600w\" sizes=\"(max-width: 300px) 100vw, 300px\" \/> <img decoding=\"async\" class=\"alignnone size-medium wp-image-1312\" src=\"https:\/\/www.uksestukseni.ee\/wp-content\/uploads\/2018\/02\/vana-mbli-ravedu-mbli-utiliseerimine-ehitusjtmete-ravedu-vana-kola-ravedu.uksest-ukseni-kolimisteenus-5-300x225.jpg\" alt=\"Vana m\u00f6\u00f6bli \u00e4ravedu, m\u00f6\u00f6bli utiliseerimine, ehitusj\u00e4\u00e4tmete \u00e4ravedu, vana kola \u00e4ravedu.Uksest Ukseni Kolimisteenus (2) Vana m\u00f6\u00f6bli \u00e4ravedu, ehitusprahi \u00e4ravedu, m\u00f6\u00f6bli utiliseerimine Tallinnas\" width=\"300\" height=\"225\" srcset=\"https:\/\/www.uksestukseni.ee\/wp-content\/uploads\/2018\/02\/vana-mbli-ravedu-mbli-utiliseerimine-ehitusjtmete-ravedu-vana-kola-ravedu.uksest-ukseni-kolimisteenus-5-300x225.jpg 300w, https:\/\/www.uksestukseni.ee\/wp-content\/uploads\/2018\/02\/vana-mbli-ravedu-mbli-utiliseerimine-ehitusjtmete-ravedu-vana-kola-ravedu.uksest-ukseni-kolimisteenus-5-768x576.jpg 768w, https:\/\/www.uksestukseni.ee\/wp-content\/uploads\/2018\/02\/vana-mbli-ravedu-mbli-utiliseerimine-ehitusjtmete-ravedu-vana-kola-ravedu.uksest-ukseni-kolimisteenus-5-1024x768.jpg 1024w, https:\/\/www.uksestukseni.ee\/wp-content\/uploads\/2018\/02\/vana-mbli-ravedu-mbli-utiliseerimine-ehitusjtmete-ravedu-vana-kola-ravedu.uksest-ukseni-kolimisteenus-5-600x450.jpg 600w\" sizes=\"(max-width: 300px) 100vw, 300px\" \/><\/p>\n<p>&nbsp;<\/p>\n<h5 style=\"text-align: center;\">Meie Teenused:<\/h5>\n<ul>\n<li>Ehitusj\u00e4\u00e4tmete ja ehitusprahi \u00e4ravedu<\/li>\n<li>Vana m\u00f6\u00f6bli \u00e4ravedu<\/li>\n<li>Kodumasinate, tehnika ja elektroonika \u00e4ravedu<\/li>\n<li>Keldrite, p\u00f6\u00f6ningute ja garaazide puhastamine j\u00e4\u00e4tmetest<\/li>\n<li>Kui on suuremad t\u00f6\u00f6mahud, siis Kliendid tellivad konteineri maja ette. Meie poolt aga telitakse t\u00f6\u00f6mehi, kes t\u00fchjendavad ruume ja viskavad \u00e4ra kogu kola tellitud konteinerisse.<\/li>\n<\/ul>\n<p>&nbsp;<\/p>\n<h5 style=\"text-align: center;\">Tallina j\u00e4\u00e4tmejaamad. J\u00e4\u00e4tmejaama hinnakirjaga ja lahtioleku ajaga v\u00f5ite tutvuda siin:<\/h5>\n<ol>\n<li><a href=\"http:\/\/jaatmejaam.ee\/rahumae-jaatmejaam\/\">Rahum\u00e4e j\u00e4\u00e4tmejaam<\/a><\/li>\n<li><a href=\"http:\/\/www.ragnsells.ee\/wp-content\/uploads\/2015\/08\/hinnakiri_jaatmejaam_paaskula.pdf\">P\u00e4\u00e4sk\u00fcla j\u00e4\u00e4tmejaam<\/a><\/li>\n<li><a href=\"https:\/\/maardu.kovtp.ee\/muuga-jaatmejaam\">Maardu j\u00e4\u00e4tmejaam<\/a><\/li>\n<li><a href=\"http:\/\/www.ragnsells.ee\/wp-content\/uploads\/2015\/08\/hinnakiri_jaatmejaam_tallinn_ariklient.pdf\">Suur S\u00f5jam\u00e4e j\u00e4\u00e4tmejaam<\/a><\/li>\n<\/ol>\n<h5><\/h5>\n<h5 style=\"text-align: center;\">Kuidas toimub teenuse arvestus?<\/h5>\n<p style=\"padding-left: 30px;\"><strong>Utiliseerimisel on kaks hinda:<\/strong><\/p>\n<ol>\n<li>Meie tunnit\u00f6\u00f6tasu, n\u00e4itetks kahe t\u00f6\u00f6lisega 38 eur (t\u00f6\u00f6n\u00e4dala sees), hind sisaldab k\u00e4ibemaksu, kahte kolijat ja autot. Aja arvestus veerandtunni t\u00e4psusega. T\u00f6\u00f6aeg algab siis kui kolijad tulevad Kliendi aadresile ja l\u00f5ppeb kui k\u00f5ik utiliseeritavad esemed on \u00e4ravisatud ja j\u00e4\u00e4tmejaama arve saadud.<\/li>\n<li>Iga j\u00e4\u00e4tmejaam v\u00f5tab utiliseerimise eest raha. Hind oleneb mida t\u00e4psemalt \u00e4ra visatakse. N\u00e4iteks \u2013 lahtiv\u00f5etud vana m\u00f6\u00f6bel ja diivanid. J\u00e4\u00e4tmejaamas seda nimetatakse \u201cSuurj\u00e4\u00e4tmeteks\u201d mille 1 m\u00b3 hind on kuni 30 eur. J\u00e4\u00e4tmejaama teenindaja hindab ja m\u00f5\u00f5dab autos oleva koguse, saadud koguse pikkus, laius ja k\u00f5rgus korrutatakse omavahel, nii saadakse kuupmeetri kogus ja seej\u00e4rel korrutatakse \u201cSuurj\u00e4\u00e4tme\u201d hinnaga ehk 30 euroga<\/li>\n<\/ol>\n<ul>\n<li>Kokkuv\u00f5ttes teenuse kohumaksumus on: tunnit\u00f6\u00f6tasu + j\u00e4\u00e4tmejaama arve<\/li>\n<\/ul>\n<p>&nbsp;<\/p>\n<h5 style=\"text-align: center;\">Kuidas j\u00e4\u00e4tmejaamas arvestatakse pr\u00fcgi kogus?<\/h5>\n<ul>\n<li><strong>Kaalu j\u00e4rgi:<\/strong>\n<ul>\n<li>Ehitus ja lammutusj\u00e4\u00e4tmed 72,00 eur tonn KM-ga<\/li>\n<li>Olmej\u00e4\u00e4tmed 78,00 eur tonn KM-ga<\/li>\n<li>Suurj\u00e4\u00e4tmed 90,00 eur tonn KM-ga<\/li>\n<\/ul>\n<\/li>\n<li><strong>Kuupmeetri j\u00e4rgi m\u00b3<\/strong> (ese pikkus korda k\u00f5rgus korda laius), seej\u00e4rel korrutatakse vastavalt \u00e4ravisatud ese kategooria hinnale. Enamlevinud kategooriad:\n<ul>\n<li>Ehitus- ja lammutussegapraht 30 eur \/ m\u00b3<\/li>\n<li>Suurj\u00e4\u00e4tmed (kasutusk\u00f5lbmatu m\u00f6\u00f6bel) 30 eur \/ m\u00b3<\/li>\n<li>T\u00f6\u00f6deldud puit 30 eur \/ m\u00b3<\/li>\n<\/ul>\n<\/li>\n<\/ul>\n<p>&nbsp;<\/p>\n<h5 style=\"text-align: center;\">Mille eest j\u00e4\u00e4tmejaamad ei v\u00f5ta utiliseerimise eest raha, teiste s\u00f5nadega mida saab tasuta \u00e4ravisata ilma j\u00e4\u00e4tmejaame lisatasuta?<\/h5>\n<ul>\n<li>Elektri- ja elektroonikaseadmed<\/li>\n<li>Metallid<\/li>\n<li>Paber ja kartong<\/li>\n<li>Pakendid<\/li>\n<li>Lehtklaas<\/li>\n<\/ul>\n<h5><\/h5>\n<h5 style=\"text-align: center;\">Soovitused<\/h5>\n<ul>\n<li>Alati pakume enda klientidele meiega j\u00e4\u00e4tmejaama kaasa tulla, kuna eraisikutele ja Tallinna elanikele on utiliseerimine poole v\u00f5rra odavam. N\u00e4iteks meile kui erav\u00f5ttele on vana m\u00f6\u00f6bli utiliseerimine 1 kuupmeetri hind kuni 30 eur aga eraisikule 10 eur, rohkem kui 50% odavam.<\/li>\n<li>Sorteerige eraldi j\u00e4\u00e4tmed, sorteeritud j\u00e4\u00e4tmed on odavam kui segaj\u00e4\u00e4tmed. Pakendid eraldi, puit eraldi, lammutusj\u00e4\u00e4tmed eraldi jne<\/li>\n<li>M\u00f6\u00f6bel v\u00f5tke alati lahti juppideks, lahtiv\u00f5etud m\u00f6\u00f6bli koguse maht on v\u00e4iksem kui tervik kapp. Pole m\u00f5tet maktsa t\u00fchja kapi sisu eest.<\/li>\n<li>Kui on heas korras ja kasutusk\u00f5lblik m\u00f6\u00f6bel, siis v\u00f5ime alati transportida <a href=\"http:\/\/www.uuskasutuskeskus.ee\">Uuskasutuskeskusesse<\/a>, see tuleb odavam kui maksta utiliseerimise eest. Enne <a href=\"http:\/\/www.uuskasutuskeskus.ee\">www.uuskasutuskeskus.ee<\/a> viimist peate nendega \u00fchendust v\u00f5tma ja kinnitust saama m\u00f6\u00f6bli vastuv\u00f5tmisest.<\/li>\n<li>Kui soovite \u00e4ra visata ehitusj\u00e4\u00e4tmeid, siis pakkige neid tugevatesse selleks m\u00f5etud pr\u00fcgikottidesse.<\/li>\n<\/ul>\n<p><img decoding=\"async\" class=\"alignnone size-medium wp-image-1333\" src=\"https:\/\/www.uksestukseni.ee\/wp-content\/uploads\/2018\/02\/vana-mbli-ravedu-mbli-utiliseerimine-ehitusjtmete-ravedu-vana-kola-ravedu.uksest-ukseni-kolimisteenus-300x225.jpg\" alt=\"Vana m\u00f6\u00f6bli \u00e4ravedu, m\u00f6\u00f6bli utiliseerimine, ehitusj\u00e4\u00e4tmete \u00e4ravedu, vana kola \u00e4ravedu.Uksest Ukseni Kolimisteenus (2) Vana m\u00f6\u00f6bli \u00e4ravedu, ehitusprahi \u00e4ravedu, m\u00f6\u00f6bli utiliseerimine Tallinnas\" width=\"300\" height=\"225\" srcset=\"https:\/\/www.uksestukseni.ee\/wp-content\/uploads\/2018\/02\/vana-mbli-ravedu-mbli-utiliseerimine-ehitusjtmete-ravedu-vana-kola-ravedu.uksest-ukseni-kolimisteenus-300x225.jpg 300w, https:\/\/www.uksestukseni.ee\/wp-content\/uploads\/2018\/02\/vana-mbli-ravedu-mbli-utiliseerimine-ehitusjtmete-ravedu-vana-kola-ravedu.uksest-ukseni-kolimisteenus-768x576.jpg 768w, https:\/\/www.uksestukseni.ee\/wp-content\/uploads\/2018\/02\/vana-mbli-ravedu-mbli-utiliseerimine-ehitusjtmete-ravedu-vana-kola-ravedu.uksest-ukseni-kolimisteenus-1024x768.jpg 1024w, https:\/\/www.uksestukseni.ee\/wp-content\/uploads\/2018\/02\/vana-mbli-ravedu-mbli-utiliseerimine-ehitusjtmete-ravedu-vana-kola-ravedu.uksest-ukseni-kolimisteenus-600x450.jpg 600w\" sizes=\"(max-width: 300px) 100vw, 300px\" \/> <img decoding=\"async\" class=\"alignnone size-medium wp-image-1327\" src=\"https:\/\/www.uksestukseni.ee\/wp-content\/uploads\/2018\/02\/vana-mbli-ravedu-mbli-utiliseerimine-ehitusjtmete-ravedu-vana-kola-ravedu.uksest-ukseni-kolimisteenus-10-300x225.jpg\" alt=\"Vana m\u00f6\u00f6bli \u00e4ravedu, m\u00f6\u00f6bli utiliseerimine, ehitusj\u00e4\u00e4tmete \u00e4ravedu, vana kola \u00e4ravedu.Uksest Ukseni Kolimisteenus (2) Vana m\u00f6\u00f6bli \u00e4ravedu, ehitusprahi \u00e4ravedu, m\u00f6\u00f6bli utiliseerimine Tallinnas\" width=\"300\" height=\"225\" srcset=\"https:\/\/www.uksestukseni.ee\/wp-content\/uploads\/2018\/02\/vana-mbli-ravedu-mbli-utiliseerimine-ehitusjtmete-ravedu-vana-kola-ravedu.uksest-ukseni-kolimisteenus-10-300x225.jpg 300w, https:\/\/www.uksestukseni.ee\/wp-content\/uploads\/2018\/02\/vana-mbli-ravedu-mbli-utiliseerimine-ehitusjtmete-ravedu-vana-kola-ravedu.uksest-ukseni-kolimisteenus-10-768x576.jpg 768w, https:\/\/www.uksestukseni.ee\/wp-content\/uploads\/2018\/02\/vana-mbli-ravedu-mbli-utiliseerimine-ehitusjtmete-ravedu-vana-kola-ravedu.uksest-ukseni-kolimisteenus-10-1024x768.jpg 1024w, https:\/\/www.uksestukseni.ee\/wp-content\/uploads\/2018\/02\/vana-mbli-ravedu-mbli-utiliseerimine-ehitusjtmete-ravedu-vana-kola-ravedu.uksest-ukseni-kolimisteenus-10-600x450.jpg 600w\" sizes=\"(max-width: 300px) 100vw, 300px\" \/>\u00a0 <img decoding=\"async\" class=\"alignnone size-medium wp-image-1324\" src=\"https:\/\/www.uksestukseni.ee\/wp-content\/uploads\/2018\/02\/vana-mbli-ravedu-mbli-utiliseerimine-ehitusjtmete-ravedu-vana-kola-ravedu.uksest-ukseni-kolimisteenus-9-300x225.jpg\" alt=\"Vana m\u00f6\u00f6bli \u00e4ravedu, m\u00f6\u00f6bli utiliseerimine, ehitusj\u00e4\u00e4tmete \u00e4ravedu, vana kola \u00e4ravedu.Uksest Ukseni Kolimisteenus (2) Vana m\u00f6\u00f6bli \u00e4ravedu, ehitusprahi \u00e4ravedu, m\u00f6\u00f6bli utiliseerimine Tallinnas\" width=\"300\" height=\"225\" srcset=\"https:\/\/www.uksestukseni.ee\/wp-content\/uploads\/2018\/02\/vana-mbli-ravedu-mbli-utiliseerimine-ehitusjtmete-ravedu-vana-kola-ravedu.uksest-ukseni-kolimisteenus-9-300x225.jpg 300w, https:\/\/www.uksestukseni.ee\/wp-content\/uploads\/2018\/02\/vana-mbli-ravedu-mbli-utiliseerimine-ehitusjtmete-ravedu-vana-kola-ravedu.uksest-ukseni-kolimisteenus-9-768x576.jpg 768w, https:\/\/www.uksestukseni.ee\/wp-content\/uploads\/2018\/02\/vana-mbli-ravedu-mbli-utiliseerimine-ehitusjtmete-ravedu-vana-kola-ravedu.uksest-ukseni-kolimisteenus-9-1024x768.jpg 1024w, https:\/\/www.uksestukseni.ee\/wp-content\/uploads\/2018\/02\/vana-mbli-ravedu-mbli-utiliseerimine-ehitusjtmete-ravedu-vana-kola-ravedu.uksest-ukseni-kolimisteenus-9-600x450.jpg 600w\" sizes=\"(max-width: 300px) 100vw, 300px\" \/> <img decoding=\"async\" class=\"alignnone size-medium wp-image-1321\" src=\"https:\/\/www.uksestukseni.ee\/wp-content\/uploads\/2018\/02\/vana-mbli-ravedu-mbli-utiliseerimine-ehitusjtmete-ravedu-vana-kola-ravedu.uksest-ukseni-kolimisteenus-8-300x225.jpg\" alt=\"Vana m\u00f6\u00f6bli \u00e4ravedu, m\u00f6\u00f6bli utiliseerimine, ehitusj\u00e4\u00e4tmete \u00e4ravedu, vana kola \u00e4ravedu.Uksest Ukseni Kolimisteenus (2) Vana m\u00f6\u00f6bli \u00e4ravedu, ehitusprahi \u00e4ravedu, m\u00f6\u00f6bli utiliseerimine Tallinnas\" width=\"300\" height=\"225\" srcset=\"https:\/\/www.uksestukseni.ee\/wp-content\/uploads\/2018\/02\/vana-mbli-ravedu-mbli-utiliseerimine-ehitusjtmete-ravedu-vana-kola-ravedu.uksest-ukseni-kolimisteenus-8-300x225.jpg 300w, https:\/\/www.uksestukseni.ee\/wp-content\/uploads\/2018\/02\/vana-mbli-ravedu-mbli-utiliseerimine-ehitusjtmete-ravedu-vana-kola-ravedu.uksest-ukseni-kolimisteenus-8-768x576.jpg 768w, https:\/\/www.uksestukseni.ee\/wp-content\/uploads\/2018\/02\/vana-mbli-ravedu-mbli-utiliseerimine-ehitusjtmete-ravedu-vana-kola-ravedu.uksest-ukseni-kolimisteenus-8-1024x768.jpg 1024w, https:\/\/www.uksestukseni.ee\/wp-content\/uploads\/2018\/02\/vana-mbli-ravedu-mbli-utiliseerimine-ehitusjtmete-ravedu-vana-kola-ravedu.uksest-ukseni-kolimisteenus-8-600x450.jpg 600w\" sizes=\"(max-width: 300px) 100vw, 300px\" \/>\u00a0 <img decoding=\"async\" class=\"alignnone size-medium wp-image-1318\" src=\"https:\/\/www.uksestukseni.ee\/wp-content\/uploads\/2018\/02\/vana-mbli-ravedu-mbli-utiliseerimine-ehitusjtmete-ravedu-vana-kola-ravedu.uksest-ukseni-kolimisteenus-7-300x225.jpg\" alt=\"Vana m\u00f6\u00f6bli \u00e4ravedu, m\u00f6\u00f6bli utiliseerimine, ehitusj\u00e4\u00e4tmete \u00e4ravedu, vana kola \u00e4ravedu.Uksest Ukseni Kolimisteenus (2) Vana m\u00f6\u00f6bli \u00e4ravedu, ehitusprahi \u00e4ravedu, m\u00f6\u00f6bli utiliseerimine Tallinnas\" width=\"300\" height=\"225\" srcset=\"https:\/\/www.uksestukseni.ee\/wp-content\/uploads\/2018\/02\/vana-mbli-ravedu-mbli-utiliseerimine-ehitusjtmete-ravedu-vana-kola-ravedu.uksest-ukseni-kolimisteenus-7-300x225.jpg 300w, https:\/\/www.uksestukseni.ee\/wp-content\/uploads\/2018\/02\/vana-mbli-ravedu-mbli-utiliseerimine-ehitusjtmete-ravedu-vana-kola-ravedu.uksest-ukseni-kolimisteenus-7-768x576.jpg 768w, https:\/\/www.uksestukseni.ee\/wp-content\/uploads\/2018\/02\/vana-mbli-ravedu-mbli-utiliseerimine-ehitusjtmete-ravedu-vana-kola-ravedu.uksest-ukseni-kolimisteenus-7-1024x768.jpg 1024w, https:\/\/www.uksestukseni.ee\/wp-content\/uploads\/2018\/02\/vana-mbli-ravedu-mbli-utiliseerimine-ehitusjtmete-ravedu-vana-kola-ravedu.uksest-ukseni-kolimisteenus-7-600x450.jpg 600w\" sizes=\"(max-width: 300px) 100vw, 300px\" \/> <img decoding=\"async\" class=\"alignnone size-medium wp-image-1315\" src=\"https:\/\/www.uksestukseni.ee\/wp-content\/uploads\/2018\/02\/vana-mbli-ravedu-mbli-utiliseerimine-ehitusjtmete-ravedu-vana-kola-ravedu.uksest-ukseni-kolimisteenus-6-300x225.jpg\" alt=\"Vana m\u00f6\u00f6bli \u00e4ravedu, m\u00f6\u00f6bli utiliseerimine, ehitusj\u00e4\u00e4tmete \u00e4ravedu, vana kola \u00e4ravedu.Uksest Ukseni Kolimisteenus (2) Vana m\u00f6\u00f6bli \u00e4ravedu, ehitusprahi \u00e4ravedu, m\u00f6\u00f6bli utiliseerimine Tallinnas\" width=\"300\" height=\"225\" srcset=\"https:\/\/www.uksestukseni.ee\/wp-content\/uploads\/2018\/02\/vana-mbli-ravedu-mbli-utiliseerimine-ehitusjtmete-ravedu-vana-kola-ravedu.uksest-ukseni-kolimisteenus-6-300x225.jpg 300w, https:\/\/www.uksestukseni.ee\/wp-content\/uploads\/2018\/02\/vana-mbli-ravedu-mbli-utiliseerimine-ehitusjtmete-ravedu-vana-kola-ravedu.uksest-ukseni-kolimisteenus-6-600x450.jpg 600w, https:\/\/www.uksestukseni.ee\/wp-content\/uploads\/2018\/02\/vana-mbli-ravedu-mbli-utiliseerimine-ehitusjtmete-ravedu-vana-kola-ravedu.uksest-ukseni-kolimisteenus-6.jpg 636w\" sizes=\"(max-width: 300px) 100vw, 300px\" \/>\u00a0 <img decoding=\"async\" class=\"alignnone size-medium wp-image-1309\" src=\"https:\/\/www.uksestukseni.ee\/wp-content\/uploads\/2018\/02\/vana-mbli-ravedu-mbli-utiliseerimine-ehitusjtmete-ravedu-vana-kola-ravedu.uksest-ukseni-kolimisteenus-4-300x225.jpg\" alt=\"Vana m\u00f6\u00f6bli \u00e4ravedu, m\u00f6\u00f6bli utiliseerimine, ehitusj\u00e4\u00e4tmete \u00e4ravedu, vana kola \u00e4ravedu.Uksest Ukseni Kolimisteenus (2) Vana m\u00f6\u00f6bli \u00e4ravedu, ehitusprahi \u00e4ravedu, m\u00f6\u00f6bli utiliseerimine Tallinnas\" width=\"300\" height=\"225\" srcset=\"https:\/\/www.uksestukseni.ee\/wp-content\/uploads\/2018\/02\/vana-mbli-ravedu-mbli-utiliseerimine-ehitusjtmete-ravedu-vana-kola-ravedu.uksest-ukseni-kolimisteenus-4-300x225.jpg 300w, https:\/\/www.uksestukseni.ee\/wp-content\/uploads\/2018\/02\/vana-mbli-ravedu-mbli-utiliseerimine-ehitusjtmete-ravedu-vana-kola-ravedu.uksest-ukseni-kolimisteenus-4-600x450.jpg 600w, https:\/\/www.uksestukseni.ee\/wp-content\/uploads\/2018\/02\/vana-mbli-ravedu-mbli-utiliseerimine-ehitusjtmete-ravedu-vana-kola-ravedu.uksest-ukseni-kolimisteenus-4.jpg 636w\" sizes=\"(max-width: 300px) 100vw, 300px\" \/> <img decoding=\"async\" class=\"alignnone size-medium wp-image-1306\" src=\"https:\/\/www.uksestukseni.ee\/wp-content\/uploads\/2018\/02\/vana-mbli-ravedu-mbli-utiliseerimine-ehitusjtmete-ravedu-vana-kola-ravedu.uksest-ukseni-kolimisteenus-3-300x225.jpg\" alt=\"Vana m\u00f6\u00f6bli \u00e4ravedu, m\u00f6\u00f6bli utiliseerimine, ehitusj\u00e4\u00e4tmete \u00e4ravedu, vana kola \u00e4ravedu.Uksest Ukseni Kolimisteenus (2) Vana m\u00f6\u00f6bli \u00e4ravedu, ehitusprahi \u00e4ravedu, m\u00f6\u00f6bli utiliseerimine Tallinnas\" width=\"300\" height=\"225\" srcset=\"https:\/\/www.uksestukseni.ee\/wp-content\/uploads\/2018\/02\/vana-mbli-ravedu-mbli-utiliseerimine-ehitusjtmete-ravedu-vana-kola-ravedu.uksest-ukseni-kolimisteenus-3-300x225.jpg 300w, https:\/\/www.uksestukseni.ee\/wp-content\/uploads\/2018\/02\/vana-mbli-ravedu-mbli-utiliseerimine-ehitusjtmete-ravedu-vana-kola-ravedu.uksest-ukseni-kolimisteenus-3-768x576.jpg 768w, https:\/\/www.uksestukseni.ee\/wp-content\/uploads\/2018\/02\/vana-mbli-ravedu-mbli-utiliseerimine-ehitusjtmete-ravedu-vana-kola-ravedu.uksest-ukseni-kolimisteenus-3-1024x768.jpg 1024w, https:\/\/www.uksestukseni.ee\/wp-content\/uploads\/2018\/02\/vana-mbli-ravedu-mbli-utiliseerimine-ehitusjtmete-ravedu-vana-kola-ravedu.uksest-ukseni-kolimisteenus-3-600x450.jpg 600w\" sizes=\"(max-width: 300px) 100vw, 300px\" \/>\u00a0 <img decoding=\"async\" class=\"alignnone size-medium wp-image-1303\" src=\"https:\/\/www.uksestukseni.ee\/wp-content\/uploads\/2018\/02\/vana-mbli-ravedu-mbli-utiliseerimine-ehitusjtmete-ravedu-vana-kola-ravedu.uksest-ukseni-kolimisteenus-2-vana-mbli-ravedu-ehitusprahi-ravedu-mbli-utiliseerimine-tallinnas-300x225.jpg\" alt=\"Vana m\u00f6\u00f6bli \u00e4ravedu, m\u00f6\u00f6bli utiliseerimine, ehitusj\u00e4\u00e4tmete \u00e4ravedu, vana kola \u00e4ravedu.Uksest Ukseni Kolimisteenus (2) Vana m\u00f6\u00f6bli \u00e4ravedu, ehitusprahi \u00e4ravedu, m\u00f6\u00f6bli utiliseerimine Tallinnas\" width=\"300\" height=\"225\" srcset=\"https:\/\/www.uksestukseni.ee\/wp-content\/uploads\/2018\/02\/vana-mbli-ravedu-mbli-utiliseerimine-ehitusjtmete-ravedu-vana-kola-ravedu.uksest-ukseni-kolimisteenus-2-vana-mbli-ravedu-ehitusprahi-ravedu-mbli-utiliseerimine-tallinnas-300x225.jpg 300w, https:\/\/www.uksestukseni.ee\/wp-content\/uploads\/2018\/02\/vana-mbli-ravedu-mbli-utiliseerimine-ehitusjtmete-ravedu-vana-kola-ravedu.uksest-ukseni-kolimisteenus-2-vana-mbli-ravedu-ehitusprahi-ravedu-mbli-utiliseerimine-tallinnas-768x576.jpg 768w, https:\/\/www.uksestukseni.ee\/wp-content\/uploads\/2018\/02\/vana-mbli-ravedu-mbli-utiliseerimine-ehitusjtmete-ravedu-vana-kola-ravedu.uksest-ukseni-kolimisteenus-2-vana-mbli-ravedu-ehitusprahi-ravedu-mbli-utiliseerimine-tallinnas-1024x768.jpg 1024w, https:\/\/www.uksestukseni.ee\/wp-content\/uploads\/2018\/02\/vana-mbli-ravedu-mbli-utiliseerimine-ehitusjtmete-ravedu-vana-kola-ravedu.uksest-ukseni-kolimisteenus-2-vana-mbli-ravedu-ehitusprahi-ravedu-mbli-utiliseerimine-tallinnas-600x450.jpg 600w\" sizes=\"(max-width: 300px) 100vw, 300px\" \/><\/p>\n<h5 class=\"vc_custom_heading vc_custom_1501672217567 alignright\"><\/h5>\n<\/div>\n<\/div>\n<\/div>\n<\/div>\n<\/div>\n<\/div>","protected":false},"excerpt":{"rendered":"<p>\u00a0Vana m\u00f6\u00f6bli \u00e4ravedu, ehitusprahi \u00e4ravedu, m\u00f6\u00f6bli utiliseerimine Tallinnas. T\u00f6\u00f6mehed abiks prahi \u00e4raviskamisel konteineritesse. www.uksestukseni.ee &nbsp; Meie Teenused: Ehitusj\u00e4\u00e4tmete ja ehitusprahi \u00e4ravedu Vana m\u00f6\u00f6bli \u00e4ravedu Kodumasinate, tehnika ja elektroonika \u00e4ravedu Keldrite, p\u00f6\u00f6ningute ja garaazide puhastamine j\u00e4\u00e4tmetest Kui on suuremad t\u00f6\u00f6mahud, siis Kliendid tellivad konteineri maja ette. Meie poolt aga telitakse t\u00f6\u00f6mehi, kes t\u00fchjendavad ruume ja viskavad [&hellip;]<\/p>\n","protected":false},"author":3,"featured_media":1314,"comment_status":"open","ping_status":"open","sticky":false,"template":"","format":"standard","meta":{"footnotes":""},"categories":[4],"tags":[],"class_list":["post-3905","post","type-post","status-publish","format-standard","has-post-thumbnail","hentry","category-4"],"yoast_head":"<!-- This site is optimized with the Yoast SEO plugin v26.7 - https:\/\/yoast.com\/wordpress\/plugins\/seo\/ -->\n<title>Vana m\u00f6\u00f6bli \u00e4ravedu, ehitusprahi \u00e4ravedu, m\u00f6\u00f6bli utiliseerimine Tallinnas. Kuidas see toimib? | Kolimisteenus Tallinnas - Abi kolimisel, M\u00f6\u00f6blivedu - T\u00f5steteenus korrusele<\/title>\n<meta name=\"robots\" content=\"index, follow, max-snippet:-1, max-image-preview:large, max-video-preview:-1\" \/>\n<link rel=\"canonical\" href=\"https:\/\/www.uksestukseni.ee\/2018\/02\/19\/vana-moobli-aravedu\/\" \/>\n<meta property=\"og:locale\" content=\"ru_RU\" \/>\n<meta property=\"og:type\" content=\"article\" \/>\n<meta property=\"og:title\" content=\"Vana m\u00f6\u00f6bli \u00e4ravedu, ehitusprahi \u00e4ravedu, m\u00f6\u00f6bli utiliseerimine Tallinnas. Kuidas see toimib? | Kolimisteenus Tallinnas - Abi kolimisel, M\u00f6\u00f6blivedu - T\u00f5steteenus korrusele\" \/>\n<meta property=\"og:description\" content=\"\u00a0Vana m\u00f6\u00f6bli \u00e4ravedu, ehitusprahi \u00e4ravedu, m\u00f6\u00f6bli utiliseerimine Tallinnas. T\u00f6\u00f6mehed abiks prahi \u00e4raviskamisel konteineritesse. www.uksestukseni.ee &nbsp; Meie Teenused: Ehitusj\u00e4\u00e4tmete ja ehitusprahi \u00e4ravedu Vana m\u00f6\u00f6bli \u00e4ravedu Kodumasinate, tehnika ja elektroonika \u00e4ravedu Keldrite, p\u00f6\u00f6ningute ja garaazide puhastamine j\u00e4\u00e4tmetest Kui on suuremad t\u00f6\u00f6mahud, siis Kliendid tellivad konteineri maja ette. Meie poolt aga telitakse t\u00f6\u00f6mehi, kes t\u00fchjendavad ruume ja viskavad [&hellip;]\" \/>\n<meta property=\"og:url\" content=\"https:\/\/www.uksestukseni.ee\/2018\/02\/19\/vana-moobli-aravedu\/\" \/>\n<meta property=\"og:site_name\" content=\"Kolimisteenus Tallinnas - Abi kolimisel, M\u00f6\u00f6blivedu - T\u00f5steteenus korrusele\" \/>\n<meta property=\"article:publisher\" content=\"https:\/\/www.facebook.com\/uksestukseni\/\" \/>\n<meta property=\"article:published_time\" content=\"2021-05-29T20:29:05+00:00\" \/>\n<meta property=\"og:image\" content=\"https:\/\/www.uksestukseni.ee\/wp-content\/uploads\/2018\/02\/vana-mbli-ravedu-mbli-utiliseerimine-ehitusjtmete-ravedu-vana-kola-ravedu.uksest-ukseni-kolimisteenus-5.jpg\" \/>\n\t<meta property=\"og:image:width\" content=\"3264\" \/>\n\t<meta property=\"og:image:height\" content=\"2448\" \/>\n\t<meta property=\"og:image:type\" content=\"image\/jpeg\" \/>\n<meta name=\"author\" content=\"Kert\" \/>\n<meta name=\"twitter:card\" content=\"summary_large_image\" \/>\n<meta name=\"twitter:label1\" content=\"\u041d\u0430\u043f\u0438\u0441\u0430\u043d\u043e \u0430\u0432\u0442\u043e\u0440\u043e\u043c\" \/>\n\t<meta name=\"twitter:data1\" content=\"Kert\" \/>\n\t<meta name=\"twitter:label2\" content=\"\u041f\u0440\u0438\u043c\u0435\u0440\u043d\u043e\u0435 \u0432\u0440\u0435\u043c\u044f \u0434\u043b\u044f \u0447\u0442\u0435\u043d\u0438\u044f\" \/>\n\t<meta name=\"twitter:data2\" content=\"2 \u043c\u0438\u043d\u0443\u0442\u044b\" \/>\n<script type=\"application\/ld+json\" class=\"yoast-schema-graph\">{\"@context\":\"https:\/\/schema.org\",\"@graph\":[{\"@type\":\"Article\",\"@id\":\"https:\/\/www.uksestukseni.ee\/2018\/02\/19\/vana-moobli-aravedu\/#article\",\"isPartOf\":{\"@id\":\"https:\/\/www.uksestukseni.ee\/2018\/02\/19\/vana-moobli-aravedu\/\"},\"author\":{\"name\":\"Kert\",\"@id\":\"https:\/\/www.uksestukseni.ee\/#\/schema\/person\/7b8dac22397ed7ad41e4b253d2b4e4c4\"},\"headline\":\"Vana m\u00f6\u00f6bli \u00e4ravedu, ehitusprahi \u00e4ravedu, m\u00f6\u00f6bli utiliseerimine Tallinnas. Kuidas see toimib?\",\"datePublished\":\"2021-05-29T20:29:05+00:00\",\"mainEntityOfPage\":{\"@id\":\"https:\/\/www.uksestukseni.ee\/2018\/02\/19\/vana-moobli-aravedu\/\"},\"wordCount\":495,\"commentCount\":0,\"publisher\":{\"@id\":\"https:\/\/www.uksestukseni.ee\/#organization\"},\"image\":{\"@id\":\"https:\/\/www.uksestukseni.ee\/2018\/02\/19\/vana-moobli-aravedu\/#primaryimage\"},\"thumbnailUrl\":\"https:\/\/www.uksestukseni.ee\/wp-content\/uploads\/2018\/02\/vana-mbli-ravedu-mbli-utiliseerimine-ehitusjtmete-ravedu-vana-kola-ravedu.uksest-ukseni-kolimisteenus-5.jpg\",\"articleSection\":[\"\u0411\u0435\u0437 \u043a\u0430\u0442\u0435\u0433\u043e\u0440\u0438\u0438\"],\"inLanguage\":\"ru-RU\",\"potentialAction\":[{\"@type\":\"CommentAction\",\"name\":\"Comment\",\"target\":[\"https:\/\/www.uksestukseni.ee\/2018\/02\/19\/vana-moobli-aravedu\/#respond\"]}]},{\"@type\":\"WebPage\",\"@id\":\"https:\/\/www.uksestukseni.ee\/2018\/02\/19\/vana-moobli-aravedu\/\",\"url\":\"https:\/\/www.uksestukseni.ee\/2018\/02\/19\/vana-moobli-aravedu\/\",\"name\":\"Vana m\u00f6\u00f6bli \u00e4ravedu, ehitusprahi \u00e4ravedu, m\u00f6\u00f6bli utiliseerimine Tallinnas. Kuidas see toimib? | Kolimisteenus Tallinnas - Abi kolimisel, M\u00f6\u00f6blivedu - T\u00f5steteenus korrusele\",\"isPartOf\":{\"@id\":\"https:\/\/www.uksestukseni.ee\/#website\"},\"primaryImageOfPage\":{\"@id\":\"https:\/\/www.uksestukseni.ee\/2018\/02\/19\/vana-moobli-aravedu\/#primaryimage\"},\"image\":{\"@id\":\"https:\/\/www.uksestukseni.ee\/2018\/02\/19\/vana-moobli-aravedu\/#primaryimage\"},\"thumbnailUrl\":\"https:\/\/www.uksestukseni.ee\/wp-content\/uploads\/2018\/02\/vana-mbli-ravedu-mbli-utiliseerimine-ehitusjtmete-ravedu-vana-kola-ravedu.uksest-ukseni-kolimisteenus-5.jpg\",\"datePublished\":\"2021-05-29T20:29:05+00:00\",\"breadcrumb\":{\"@id\":\"https:\/\/www.uksestukseni.ee\/2018\/02\/19\/vana-moobli-aravedu\/#breadcrumb\"},\"inLanguage\":\"ru-RU\",\"potentialAction\":[{\"@type\":\"ReadAction\",\"target\":[\"https:\/\/www.uksestukseni.ee\/2018\/02\/19\/vana-moobli-aravedu\/\"]}]},{\"@type\":\"ImageObject\",\"inLanguage\":\"ru-RU\",\"@id\":\"https:\/\/www.uksestukseni.ee\/2018\/02\/19\/vana-moobli-aravedu\/#primaryimage\",\"url\":\"https:\/\/www.uksestukseni.ee\/wp-content\/uploads\/2018\/02\/vana-mbli-ravedu-mbli-utiliseerimine-ehitusjtmete-ravedu-vana-kola-ravedu.uksest-ukseni-kolimisteenus-5.jpg\",\"contentUrl\":\"https:\/\/www.uksestukseni.ee\/wp-content\/uploads\/2018\/02\/vana-mbli-ravedu-mbli-utiliseerimine-ehitusjtmete-ravedu-vana-kola-ravedu.uksest-ukseni-kolimisteenus-5.jpg\",\"width\":2560,\"height\":1920},{\"@type\":\"BreadcrumbList\",\"@id\":\"https:\/\/www.uksestukseni.ee\/2018\/02\/19\/vana-moobli-aravedu\/#breadcrumb\",\"itemListElement\":[{\"@type\":\"ListItem\",\"position\":1,\"name\":\"Home\",\"item\":\"https:\/\/www.uksestukseni.ee\/ru\/\"},{\"@type\":\"ListItem\",\"position\":2,\"name\":\"Vana m\u00f6\u00f6bli \u00e4ravedu, ehitusprahi \u00e4ravedu, m\u00f6\u00f6bli utiliseerimine Tallinnas. Kuidas see toimib?\"}]},{\"@type\":\"WebSite\",\"@id\":\"https:\/\/www.uksestukseni.ee\/#website\",\"url\":\"https:\/\/www.uksestukseni.ee\/\",\"name\":\"Kolimisteenus Tallinnas - Abi kolimisel, M\u00f6\u00f6blivedu - T\u00f5steteenus korrusele\",\"description\":\"Kolimisteenus Tallinnas - Abi kolimisel, M\u00f6\u00f6blivedu - T\u00f5steteenus korrusele\",\"publisher\":{\"@id\":\"https:\/\/www.uksestukseni.ee\/#organization\"},\"potentialAction\":[{\"@type\":\"SearchAction\",\"target\":{\"@type\":\"EntryPoint\",\"urlTemplate\":\"https:\/\/www.uksestukseni.ee\/?s={search_term_string}\"},\"query-input\":{\"@type\":\"PropertyValueSpecification\",\"valueRequired\":true,\"valueName\":\"search_term_string\"}}],\"inLanguage\":\"ru-RU\"},{\"@type\":\"Organization\",\"@id\":\"https:\/\/www.uksestukseni.ee\/#organization\",\"name\":\"Kolimisteenus Tallinnas Uksest Ukseni\",\"url\":\"https:\/\/www.uksestukseni.ee\/\",\"logo\":{\"@type\":\"ImageObject\",\"inLanguage\":\"ru-RU\",\"@id\":\"https:\/\/www.uksestukseni.ee\/#\/schema\/logo\/image\/\",\"url\":\"https:\/\/www.uksestukseni.ee\/wp-content\/uploads\/2017\/12\/logo.png\",\"contentUrl\":\"https:\/\/www.uksestukseni.ee\/wp-content\/uploads\/2017\/12\/logo.png\",\"width\":528,\"height\":189,\"caption\":\"Kolimisteenus Tallinnas Uksest Ukseni\"},\"image\":{\"@id\":\"https:\/\/www.uksestukseni.ee\/#\/schema\/logo\/image\/\"},\"sameAs\":[\"https:\/\/www.facebook.com\/uksestukseni\/\",\"https:\/\/www.instagram.com\/kolimisteenus\/\",\"https:\/\/www.youtube.com\/channel\/UC5-1GARIGLHRjOQqCDrOEfQ\"]},{\"@type\":\"Person\",\"@id\":\"https:\/\/www.uksestukseni.ee\/#\/schema\/person\/7b8dac22397ed7ad41e4b253d2b4e4c4\",\"name\":\"Kert\",\"image\":{\"@type\":\"ImageObject\",\"inLanguage\":\"ru-RU\",\"@id\":\"https:\/\/www.uksestukseni.ee\/#\/schema\/person\/image\/\",\"url\":\"https:\/\/secure.gravatar.com\/avatar\/86becf08e54fd2e4ca5b957cdd5d26e16abdfcd4bdf0b255fd0b2e287e900b2a?s=96&d=mm&r=g\",\"contentUrl\":\"https:\/\/secure.gravatar.com\/avatar\/86becf08e54fd2e4ca5b957cdd5d26e16abdfcd4bdf0b255fd0b2e287e900b2a?s=96&d=mm&r=g\",\"caption\":\"Kert\"}}]}<\/script>\n<!-- \/ Yoast SEO plugin. -->","yoast_head_json":{"title":"Vana m\u00f6\u00f6bli \u00e4ravedu, ehitusprahi \u00e4ravedu, m\u00f6\u00f6bli utiliseerimine Tallinnas. Kuidas see toimib? | Kolimisteenus Tallinnas - Abi kolimisel, M\u00f6\u00f6blivedu - T\u00f5steteenus korrusele","robots":{"index":"index","follow":"follow","max-snippet":"max-snippet:-1","max-image-preview":"max-image-preview:large","max-video-preview":"max-video-preview:-1"},"canonical":"https:\/\/www.uksestukseni.ee\/2018\/02\/19\/vana-moobli-aravedu\/","og_locale":"ru_RU","og_type":"article","og_title":"Vana m\u00f6\u00f6bli \u00e4ravedu, ehitusprahi \u00e4ravedu, m\u00f6\u00f6bli utiliseerimine Tallinnas. Kuidas see toimib? | Kolimisteenus Tallinnas - Abi kolimisel, M\u00f6\u00f6blivedu - T\u00f5steteenus korrusele","og_description":"\u00a0Vana m\u00f6\u00f6bli \u00e4ravedu, ehitusprahi \u00e4ravedu, m\u00f6\u00f6bli utiliseerimine Tallinnas. T\u00f6\u00f6mehed abiks prahi \u00e4raviskamisel konteineritesse. www.uksestukseni.ee &nbsp; Meie Teenused: Ehitusj\u00e4\u00e4tmete ja ehitusprahi \u00e4ravedu Vana m\u00f6\u00f6bli \u00e4ravedu Kodumasinate, tehnika ja elektroonika \u00e4ravedu Keldrite, p\u00f6\u00f6ningute ja garaazide puhastamine j\u00e4\u00e4tmetest Kui on suuremad t\u00f6\u00f6mahud, siis Kliendid tellivad konteineri maja ette. Meie poolt aga telitakse t\u00f6\u00f6mehi, kes t\u00fchjendavad ruume ja viskavad [&hellip;]","og_url":"https:\/\/www.uksestukseni.ee\/2018\/02\/19\/vana-moobli-aravedu\/","og_site_name":"Kolimisteenus Tallinnas - Abi kolimisel, M\u00f6\u00f6blivedu - T\u00f5steteenus korrusele","article_publisher":"https:\/\/www.facebook.com\/uksestukseni\/","article_published_time":"2021-05-29T20:29:05+00:00","og_image":[{"width":3264,"height":2448,"url":"https:\/\/www.uksestukseni.ee\/wp-content\/uploads\/2018\/02\/vana-mbli-ravedu-mbli-utiliseerimine-ehitusjtmete-ravedu-vana-kola-ravedu.uksest-ukseni-kolimisteenus-5.jpg","type":"image\/jpeg"}],"author":"Kert","twitter_card":"summary_large_image","twitter_misc":{"\u041d\u0430\u043f\u0438\u0441\u0430\u043d\u043e \u0430\u0432\u0442\u043e\u0440\u043e\u043c":"Kert","\u041f\u0440\u0438\u043c\u0435\u0440\u043d\u043e\u0435 \u0432\u0440\u0435\u043c\u044f \u0434\u043b\u044f \u0447\u0442\u0435\u043d\u0438\u044f":"2 \u043c\u0438\u043d\u0443\u0442\u044b"},"schema":{"@context":"https:\/\/schema.org","@graph":[{"@type":"Article","@id":"https:\/\/www.uksestukseni.ee\/2018\/02\/19\/vana-moobli-aravedu\/#article","isPartOf":{"@id":"https:\/\/www.uksestukseni.ee\/2018\/02\/19\/vana-moobli-aravedu\/"},"author":{"name":"Kert","@id":"https:\/\/www.uksestukseni.ee\/#\/schema\/person\/7b8dac22397ed7ad41e4b253d2b4e4c4"},"headline":"Vana m\u00f6\u00f6bli \u00e4ravedu, ehitusprahi \u00e4ravedu, m\u00f6\u00f6bli utiliseerimine Tallinnas. Kuidas see toimib?","datePublished":"2021-05-29T20:29:05+00:00","mainEntityOfPage":{"@id":"https:\/\/www.uksestukseni.ee\/2018\/02\/19\/vana-moobli-aravedu\/"},"wordCount":495,"commentCount":0,"publisher":{"@id":"https:\/\/www.uksestukseni.ee\/#organization"},"image":{"@id":"https:\/\/www.uksestukseni.ee\/2018\/02\/19\/vana-moobli-aravedu\/#primaryimage"},"thumbnailUrl":"https:\/\/www.uksestukseni.ee\/wp-content\/uploads\/2018\/02\/vana-mbli-ravedu-mbli-utiliseerimine-ehitusjtmete-ravedu-vana-kola-ravedu.uksest-ukseni-kolimisteenus-5.jpg","articleSection":["\u0411\u0435\u0437 \u043a\u0430\u0442\u0435\u0433\u043e\u0440\u0438\u0438"],"inLanguage":"ru-RU","potentialAction":[{"@type":"CommentAction","name":"Comment","target":["https:\/\/www.uksestukseni.ee\/2018\/02\/19\/vana-moobli-aravedu\/#respond"]}]},{"@type":"WebPage","@id":"https:\/\/www.uksestukseni.ee\/2018\/02\/19\/vana-moobli-aravedu\/","url":"https:\/\/www.uksestukseni.ee\/2018\/02\/19\/vana-moobli-aravedu\/","name":"Vana m\u00f6\u00f6bli \u00e4ravedu, ehitusprahi \u00e4ravedu, m\u00f6\u00f6bli utiliseerimine Tallinnas. Kuidas see toimib? | Kolimisteenus Tallinnas - Abi kolimisel, M\u00f6\u00f6blivedu - T\u00f5steteenus korrusele","isPartOf":{"@id":"https:\/\/www.uksestukseni.ee\/#website"},"primaryImageOfPage":{"@id":"https:\/\/www.uksestukseni.ee\/2018\/02\/19\/vana-moobli-aravedu\/#primaryimage"},"image":{"@id":"https:\/\/www.uksestukseni.ee\/2018\/02\/19\/vana-moobli-aravedu\/#primaryimage"},"thumbnailUrl":"https:\/\/www.uksestukseni.ee\/wp-content\/uploads\/2018\/02\/vana-mbli-ravedu-mbli-utiliseerimine-ehitusjtmete-ravedu-vana-kola-ravedu.uksest-ukseni-kolimisteenus-5.jpg","datePublished":"2021-05-29T20:29:05+00:00","breadcrumb":{"@id":"https:\/\/www.uksestukseni.ee\/2018\/02\/19\/vana-moobli-aravedu\/#breadcrumb"},"inLanguage":"ru-RU","potentialAction":[{"@type":"ReadAction","target":["https:\/\/www.uksestukseni.ee\/2018\/02\/19\/vana-moobli-aravedu\/"]}]},{"@type":"ImageObject","inLanguage":"ru-RU","@id":"https:\/\/www.uksestukseni.ee\/2018\/02\/19\/vana-moobli-aravedu\/#primaryimage","url":"https:\/\/www.uksestukseni.ee\/wp-content\/uploads\/2018\/02\/vana-mbli-ravedu-mbli-utiliseerimine-ehitusjtmete-ravedu-vana-kola-ravedu.uksest-ukseni-kolimisteenus-5.jpg","contentUrl":"https:\/\/www.uksestukseni.ee\/wp-content\/uploads\/2018\/02\/vana-mbli-ravedu-mbli-utiliseerimine-ehitusjtmete-ravedu-vana-kola-ravedu.uksest-ukseni-kolimisteenus-5.jpg","width":2560,"height":1920},{"@type":"BreadcrumbList","@id":"https:\/\/www.uksestukseni.ee\/2018\/02\/19\/vana-moobli-aravedu\/#breadcrumb","itemListElement":[{"@type":"ListItem","position":1,"name":"Home","item":"https:\/\/www.uksestukseni.ee\/ru\/"},{"@type":"ListItem","position":2,"name":"Vana m\u00f6\u00f6bli \u00e4ravedu, ehitusprahi \u00e4ravedu, m\u00f6\u00f6bli utiliseerimine Tallinnas. Kuidas see toimib?"}]},{"@type":"WebSite","@id":"https:\/\/www.uksestukseni.ee\/#website","url":"https:\/\/www.uksestukseni.ee\/","name":"Kolimisteenus Tallinnas - Abi kolimisel, M\u00f6\u00f6blivedu - T\u00f5steteenus korrusele","description":"Kolimisteenus Tallinnas - Abi kolimisel, M\u00f6\u00f6blivedu - T\u00f5steteenus korrusele","publisher":{"@id":"https:\/\/www.uksestukseni.ee\/#organization"},"potentialAction":[{"@type":"SearchAction","target":{"@type":"EntryPoint","urlTemplate":"https:\/\/www.uksestukseni.ee\/?s={search_term_string}"},"query-input":{"@type":"PropertyValueSpecification","valueRequired":true,"valueName":"search_term_string"}}],"inLanguage":"ru-RU"},{"@type":"Organization","@id":"https:\/\/www.uksestukseni.ee\/#organization","name":"Kolimisteenus Tallinnas Uksest Ukseni","url":"https:\/\/www.uksestukseni.ee\/","logo":{"@type":"ImageObject","inLanguage":"ru-RU","@id":"https:\/\/www.uksestukseni.ee\/#\/schema\/logo\/image\/","url":"https:\/\/www.uksestukseni.ee\/wp-content\/uploads\/2017\/12\/logo.png","contentUrl":"https:\/\/www.uksestukseni.ee\/wp-content\/uploads\/2017\/12\/logo.png","width":528,"height":189,"caption":"Kolimisteenus Tallinnas Uksest Ukseni"},"image":{"@id":"https:\/\/www.uksestukseni.ee\/#\/schema\/logo\/image\/"},"sameAs":["https:\/\/www.facebook.com\/uksestukseni\/","https:\/\/www.instagram.com\/kolimisteenus\/","https:\/\/www.youtube.com\/channel\/UC5-1GARIGLHRjOQqCDrOEfQ"]},{"@type":"Person","@id":"https:\/\/www.uksestukseni.ee\/#\/schema\/person\/7b8dac22397ed7ad41e4b253d2b4e4c4","name":"Kert","image":{"@type":"ImageObject","inLanguage":"ru-RU","@id":"https:\/\/www.uksestukseni.ee\/#\/schema\/person\/image\/","url":"https:\/\/secure.gravatar.com\/avatar\/86becf08e54fd2e4ca5b957cdd5d26e16abdfcd4bdf0b255fd0b2e287e900b2a?s=96&d=mm&r=g","contentUrl":"https:\/\/secure.gravatar.com\/avatar\/86becf08e54fd2e4ca5b957cdd5d26e16abdfcd4bdf0b255fd0b2e287e900b2a?s=96&d=mm&r=g","caption":"Kert"}}]}},"_links":{"self":[{"href":"https:\/\/www.uksestukseni.ee\/ru\/wp-json\/wp\/v2\/posts\/3905","targetHints":{"allow":["GET"]}}],"collection":[{"href":"https:\/\/www.uksestukseni.ee\/ru\/wp-json\/wp\/v2\/posts"}],"about":[{"href":"https:\/\/www.uksestukseni.ee\/ru\/wp-json\/wp\/v2\/types\/post"}],"author":[{"embeddable":true,"href":"https:\/\/www.uksestukseni.ee\/ru\/wp-json\/wp\/v2\/users\/3"}],"replies":[{"embeddable":true,"href":"https:\/\/www.uksestukseni.ee\/ru\/wp-json\/wp\/v2\/comments?post=3905"}],"version-history":[{"count":1,"href":"https:\/\/www.uksestukseni.ee\/ru\/wp-json\/wp\/v2\/posts\/3905\/revisions"}],"predecessor-version":[{"id":3925,"href":"https:\/\/www.uksestukseni.ee\/ru\/wp-json\/wp\/v2\/posts\/3905\/revisions\/3925"}],"wp:featuredmedia":[{"embeddable":true,"href":"https:\/\/www.uksestukseni.ee\/ru\/wp-json\/wp\/v2\/media\/1314"}],"wp:attachment":[{"href":"https:\/\/www.uksestukseni.ee\/ru\/wp-json\/wp\/v2\/media?parent=3905"}],"wp:term":[{"taxonomy":"category","embeddable":true,"href":"https:\/\/www.uksestukseni.ee\/ru\/wp-json\/wp\/v2\/categories?post=3905"},{"taxonomy":"post_tag","embeddable":true,"href":"https:\/\/www.uksestukseni.ee\/ru\/wp-json\/wp\/v2\/tags?post=3905"}],"curies":[{"name":"wp","href":"https:\/\/api.w.org\/{rel}","templated":true}]}}