{"id":3902,"date":"2021-05-29T23:28:54","date_gmt":"2021-05-29T20:28:54","guid":{"rendered":"https:\/\/www.uksestukseni.ee\/?p=3902"},"modified":"2021-05-29T23:28:54","modified_gmt":"2021-05-29T20:28:54","slug":"transporditeenus-veoteenus-ja-kaubavedu-uksest-ukseni","status":"publish","type":"post","link":"https:\/\/www.uksestukseni.ee\/ru\/2021\/05\/29\/transporditeenus-veoteenus-ja-kaubavedu-uksest-ukseni\/","title":{"rendered":"Transporditeenus, veoteenus ja kaubavedu Uksest Ukseni"},"content":{"rendered":"<h3 lang=\"et-EE\">Transporditeenus, kaubavedu, veoteenus, logistikateenus ja veokorraldus<\/h3>\n<h4 style=\"text-align: right;\">Kaubavedu Eesti siseselt ja v\u00e4lismaal<\/h4>\n<p><img decoding=\"async\" class=\"alignnone wp-image-1553\" src=\"https:\/\/www.uksestukseni.ee\/wp-content\/uploads\/2018\/05\/done-300x300.png\" alt=\"transporditeenus\" width=\"20\" height=\"22\" \/>Transporditeenus Uksest Ukseni. Pakume kaubaveoks ja veoteenuseks erineva <img decoding=\"async\" class=\" wp-image-1550 alignright\" src=\"https:\/\/www.uksestukseni.ee\/wp-content\/uploads\/2018\/05\/44-300x225.jpg\" alt=\"Kaubavedu, veoteenus, transporditeenus, logistikateenus\" width=\"265\" height=\"182\" \/>kaubaruumi suurusega, erineva kandev\u00f5imega ja erineva mahutuvusega transpordiveokeid. On pakkuda nii tavakaubikud, mis on klassikalise kau<img decoding=\"async\" class=\"wp-image-1547 alignleft\" src=\"https:\/\/www.uksestukseni.ee\/wp-content\/uploads\/2018\/05\/33-225x300.jpg\" alt=\"Kaubavedu, veoteenus, transporditeenus, logistikateenus\" width=\"185\" height=\"205\" \/>baruumi suurusega (14m3), furgoone tagaluukidega ja kaubaruumi suurusega (21m3) kui ka suurema kaubaruumiga (45m3) ja tagaluukiga veokeid, kus tagaluuki kandev\u00f5ime on kuni 1 tonn.<\/p>\n<p><img decoding=\"async\" class=\"alignnone wp-image-1553\" src=\"https:\/\/www.uksestukseni.ee\/wp-content\/uploads\/2018\/05\/done-300x300.png\" alt=\"transporditeenus\" width=\"20\" height=\"22\" \/>Meie autopargi v\u00f5imalused pakuvad erinevaid v\u00f5imalusi kauba-, euroaluste veoks nii Tallinna s\u00fcdalinna siseselt kui ka keerulisi logistilisi marsruute nii Eesti siseselt kui ka v\u00e4lis<img decoding=\"async\" class=\"wp-image-1541 alignright\" src=\"https:\/\/www.uksestukseni.ee\/wp-content\/uploads\/2018\/05\/11-300x225.jpg\" alt=\"Kaubavedu, veoteenus, transporditeenus, logistikateenus\" width=\"256\" height=\"185\" \/>maale.<\/p>\n<p><img decoding=\"async\" class=\"alignnone wp-image-1553\" src=\"https:\/\/www.uksestukseni.ee\/wp-content\/uploads\/2018\/05\/done-300x300.png\" alt=\"transporditeenus\" width=\"20\" height=\"22\" \/>Sammuti pakkume ka t\u00f6\u00f6mehi t\u00f5steteenuseks korrustele<\/p>\n<p><img decoding=\"async\" class=\"alignnone wp-image-1553\" src=\"https:\/\/www.uksestukseni.ee\/wp-content\/uploads\/2018\/05\/done-300x300.png\" alt=\"transporditeenus\" width=\"20\" height=\"22\" \/>Pakume stabiilset ja profesionaalset lahendust transporditeenuse valdkonnas nii koo<img decoding=\"async\" class=\"wp-image-1544 alignleft\" src=\"https:\/\/www.uksestukseni.ee\/wp-content\/uploads\/2018\/05\/22-300x225.jpg\" alt=\"Kaubavedu, veoteenus, transporditeenus, logistikateenus\" width=\"261\" height=\"209\" \/>st\u00f6\u00f6suhetes kui ka \u00fchekordsete tellimuste puhul.<\/p>\n<p><img decoding=\"async\" class=\"alignnone wp-image-1553\" src=\"https:\/\/www.uksestukseni.ee\/wp-content\/uploads\/2018\/05\/done-300x300.png\" alt=\"transporditeenus\" width=\"20\" height=\"22\" \/>Transporditeenuse <a href=\"https:\/\/www.uksestukseni.ee\/transporditeenus-ja-kaubavedu\/\">hind<\/a> tuleneb peamiselt laadimise ajakulust. Transporditeenus ja kaubavedu Tallinnas, mis j\u00e4\u00e4b linna piiridesse, ei too \u00fcldjuhul endaga kaasa lisakulusid ning orienteeruva hinna arvutamisel on Teile abiks meie hinnakiri. Kui tellitud transporditeenuse algus- v\u00f5i sihtkoht on v\u00e4ljaspool Tallinnat, arvestatakse juurde ka kilomeetritasu. Sellise veoteenuse koguhind selgub t\u00e4psemalt p\u00e4rast hinnap\u00e4ringu esitamist.<\/p>\n<h4>\u00a0\u00a0\u00a0\u00a0\u00a0\u00a0\u00a0\u00a0\u00a0\u00a0\u00a0\u00a0\u00a0\u00a0\u00a0\u00a0\u00a0\u00a0\u00a0\u00a0\u00a0\u00a0\u00a0\u00a0\u00a0\u00a0\u00a0\u00a0\u00a0\u00a0\u00a0\u00a0\u00a0\u00a0\u00a0\u00a0\u00a0\u00a0\u00a0\u00a0\u00a0\u00a0\u00a0 <img decoding=\"async\" class=\"alignnone wp-image-1490 \" src=\"https:\/\/www.uksestukseni.ee\/wp-content\/uploads\/2018\/05\/phone-icon-150x150.png\" alt=\"kolimisteenus kontakt, uksest ukseni\" width=\"39\" height=\"24\" \/>\u00a0(+372) <strong>550 41 41<\/strong> \u00a0 \u00a0 \u00a0 \u00a0 <a href=\"mailto:info@uksestukseni.ee\">info@uksestukseni.ee<\/a> <img decoding=\"async\" class=\"alignnone wp-image-1487\" src=\"https:\/\/www.uksestukseni.ee\/wp-content\/uploads\/2018\/05\/agent_mail.ru_logo-150x150.png\" sizes=\"(max-width: 39px) 100vw, 39px\" srcset=\"https:\/\/www.uksestukseni.ee\/wp-content\/uploads\/2018\/05\/agent_mail.ru_logo-150x150.png 150w, https:\/\/www.uksestukseni.ee\/wp-content\/uploads\/2018\/05\/agent_mail.ru_logo-300x300.png 300w, https:\/\/www.uksestukseni.ee\/wp-content\/uploads\/2018\/05\/agent_mail.ru_logo.png 500w\" alt=\"kolimisteenus kontakt, uksest ukseni\" width=\"39\" height=\"39\" \/><\/h4>\n<p>&nbsp;<\/p>\n","protected":false},"excerpt":{"rendered":"<p>Transporditeenus, kaubavedu, veoteenus, logistikateenus ja veokorraldus Kaubavedu Eesti siseselt ja v\u00e4lismaal Transporditeenus Uksest Ukseni. Pakume kaubaveoks ja veoteenuseks erineva kaubaruumi suurusega, erineva kandev\u00f5imega ja erineva mahutuvusega transpordiveokeid. On pakkuda nii tavakaubikud, mis on klassikalise kaubaruumi suurusega (14m3), furgoone tagaluukidega ja kaubaruumi suurusega (21m3) kui ka suurema kaubaruumiga (45m3) ja tagaluukiga veokeid, kus tagaluuki kandev\u00f5ime on [&hellip;]<\/p>\n","protected":false},"author":3,"featured_media":1546,"comment_status":"open","ping_status":"open","sticky":false,"template":"","format":"standard","meta":{"footnotes":""},"categories":[4],"tags":[],"class_list":["post-3902","post","type-post","status-publish","format-standard","has-post-thumbnail","hentry","category-4"],"yoast_head":"<!-- This site is optimized with the Yoast SEO plugin v26.7 - https:\/\/yoast.com\/wordpress\/plugins\/seo\/ -->\n<title>Transporditeenus, veoteenus ja kaubavedu Uksest Ukseni | Kolimisteenus Tallinnas - Abi kolimisel, M\u00f6\u00f6blivedu - T\u00f5steteenus korrusele<\/title>\n<meta name=\"robots\" content=\"index, follow, max-snippet:-1, max-image-preview:large, max-video-preview:-1\" \/>\n<link rel=\"canonical\" href=\"https:\/\/www.uksestukseni.ee\/2018\/05\/17\/kaubavedu-veoteenus-transporditeenus\/\" \/>\n<meta property=\"og:locale\" content=\"ru_RU\" \/>\n<meta property=\"og:type\" content=\"article\" \/>\n<meta property=\"og:title\" content=\"Transporditeenus, veoteenus ja kaubavedu Uksest Ukseni | Kolimisteenus Tallinnas - Abi kolimisel, M\u00f6\u00f6blivedu - T\u00f5steteenus korrusele\" \/>\n<meta property=\"og:description\" content=\"Transporditeenus, kaubavedu, veoteenus, logistikateenus ja veokorraldus Kaubavedu Eesti siseselt ja v\u00e4lismaal Transporditeenus Uksest Ukseni. Pakume kaubaveoks ja veoteenuseks erineva kaubaruumi suurusega, erineva kandev\u00f5imega ja erineva mahutuvusega transpordiveokeid. On pakkuda nii tavakaubikud, mis on klassikalise kaubaruumi suurusega (14m3), furgoone tagaluukidega ja kaubaruumi suurusega (21m3) kui ka suurema kaubaruumiga (45m3) ja tagaluukiga veokeid, kus tagaluuki kandev\u00f5ime on [&hellip;]\" \/>\n<meta property=\"og:url\" content=\"https:\/\/www.uksestukseni.ee\/2018\/05\/17\/kaubavedu-veoteenus-transporditeenus\/\" \/>\n<meta property=\"og:site_name\" content=\"Kolimisteenus Tallinnas - Abi kolimisel, M\u00f6\u00f6blivedu - T\u00f5steteenus korrusele\" \/>\n<meta property=\"article:publisher\" content=\"https:\/\/www.facebook.com\/uksestukseni\/\" \/>\n<meta property=\"article:published_time\" content=\"2021-05-29T20:28:54+00:00\" \/>\n<meta property=\"og:image\" content=\"https:\/\/www.uksestukseni.ee\/wp-content\/uploads\/2018\/05\/22.jpg\" \/>\n\t<meta property=\"og:image:width\" content=\"1024\" \/>\n\t<meta property=\"og:image:height\" content=\"768\" \/>\n\t<meta property=\"og:image:type\" content=\"image\/jpeg\" \/>\n<meta name=\"author\" content=\"Kert\" \/>\n<meta name=\"twitter:card\" content=\"summary_large_image\" \/>\n<meta name=\"twitter:label1\" content=\"\u041d\u0430\u043f\u0438\u0441\u0430\u043d\u043e \u0430\u0432\u0442\u043e\u0440\u043e\u043c\" \/>\n\t<meta name=\"twitter:data1\" content=\"Kert\" \/>\n\t<meta name=\"twitter:label2\" content=\"\u041f\u0440\u0438\u043c\u0435\u0440\u043d\u043e\u0435 \u0432\u0440\u0435\u043c\u044f \u0434\u043b\u044f \u0447\u0442\u0435\u043d\u0438\u044f\" \/>\n\t<meta name=\"twitter:data2\" content=\"1 \u043c\u0438\u043d\u0443\u0442\u0430\" \/>\n<script type=\"application\/ld+json\" class=\"yoast-schema-graph\">{\"@context\":\"https:\/\/schema.org\",\"@graph\":[{\"@type\":\"Article\",\"@id\":\"https:\/\/www.uksestukseni.ee\/2018\/05\/17\/kaubavedu-veoteenus-transporditeenus\/#article\",\"isPartOf\":{\"@id\":\"https:\/\/www.uksestukseni.ee\/2018\/05\/17\/kaubavedu-veoteenus-transporditeenus\/\"},\"author\":{\"name\":\"Kert\",\"@id\":\"https:\/\/www.uksestukseni.ee\/#\/schema\/person\/7b8dac22397ed7ad41e4b253d2b4e4c4\"},\"headline\":\"Transporditeenus, veoteenus ja kaubavedu Uksest Ukseni\",\"datePublished\":\"2021-05-29T20:28:54+00:00\",\"mainEntityOfPage\":{\"@id\":\"https:\/\/www.uksestukseni.ee\/2018\/05\/17\/kaubavedu-veoteenus-transporditeenus\/\"},\"wordCount\":177,\"commentCount\":0,\"publisher\":{\"@id\":\"https:\/\/www.uksestukseni.ee\/#organization\"},\"image\":{\"@id\":\"https:\/\/www.uksestukseni.ee\/2018\/05\/17\/kaubavedu-veoteenus-transporditeenus\/#primaryimage\"},\"thumbnailUrl\":\"https:\/\/www.uksestukseni.ee\/wp-content\/uploads\/2018\/05\/22.jpg\",\"articleSection\":[\"\u0411\u0435\u0437 \u043a\u0430\u0442\u0435\u0433\u043e\u0440\u0438\u0438\"],\"inLanguage\":\"ru-RU\",\"potentialAction\":[{\"@type\":\"CommentAction\",\"name\":\"Comment\",\"target\":[\"https:\/\/www.uksestukseni.ee\/2018\/05\/17\/kaubavedu-veoteenus-transporditeenus\/#respond\"]}]},{\"@type\":\"WebPage\",\"@id\":\"https:\/\/www.uksestukseni.ee\/2018\/05\/17\/kaubavedu-veoteenus-transporditeenus\/\",\"url\":\"https:\/\/www.uksestukseni.ee\/2018\/05\/17\/kaubavedu-veoteenus-transporditeenus\/\",\"name\":\"Transporditeenus, veoteenus ja kaubavedu Uksest Ukseni | Kolimisteenus Tallinnas - Abi kolimisel, M\u00f6\u00f6blivedu - T\u00f5steteenus korrusele\",\"isPartOf\":{\"@id\":\"https:\/\/www.uksestukseni.ee\/#website\"},\"primaryImageOfPage\":{\"@id\":\"https:\/\/www.uksestukseni.ee\/2018\/05\/17\/kaubavedu-veoteenus-transporditeenus\/#primaryimage\"},\"image\":{\"@id\":\"https:\/\/www.uksestukseni.ee\/2018\/05\/17\/kaubavedu-veoteenus-transporditeenus\/#primaryimage\"},\"thumbnailUrl\":\"https:\/\/www.uksestukseni.ee\/wp-content\/uploads\/2018\/05\/22.jpg\",\"datePublished\":\"2021-05-29T20:28:54+00:00\",\"breadcrumb\":{\"@id\":\"https:\/\/www.uksestukseni.ee\/2018\/05\/17\/kaubavedu-veoteenus-transporditeenus\/#breadcrumb\"},\"inLanguage\":\"ru-RU\",\"potentialAction\":[{\"@type\":\"ReadAction\",\"target\":[\"https:\/\/www.uksestukseni.ee\/2018\/05\/17\/kaubavedu-veoteenus-transporditeenus\/\"]}]},{\"@type\":\"ImageObject\",\"inLanguage\":\"ru-RU\",\"@id\":\"https:\/\/www.uksestukseni.ee\/2018\/05\/17\/kaubavedu-veoteenus-transporditeenus\/#primaryimage\",\"url\":\"https:\/\/www.uksestukseni.ee\/wp-content\/uploads\/2018\/05\/22.jpg\",\"contentUrl\":\"https:\/\/www.uksestukseni.ee\/wp-content\/uploads\/2018\/05\/22.jpg\",\"width\":1024,\"height\":768},{\"@type\":\"BreadcrumbList\",\"@id\":\"https:\/\/www.uksestukseni.ee\/2018\/05\/17\/kaubavedu-veoteenus-transporditeenus\/#breadcrumb\",\"itemListElement\":[{\"@type\":\"ListItem\",\"position\":1,\"name\":\"Home\",\"item\":\"https:\/\/www.uksestukseni.ee\/ru\/\"},{\"@type\":\"ListItem\",\"position\":2,\"name\":\"Transporditeenus, veoteenus ja kaubavedu Uksest Ukseni\"}]},{\"@type\":\"WebSite\",\"@id\":\"https:\/\/www.uksestukseni.ee\/#website\",\"url\":\"https:\/\/www.uksestukseni.ee\/\",\"name\":\"Kolimisteenus Tallinnas - Abi kolimisel, M\u00f6\u00f6blivedu - T\u00f5steteenus korrusele\",\"description\":\"Kolimisteenus Tallinnas - Abi kolimisel, M\u00f6\u00f6blivedu - T\u00f5steteenus korrusele\",\"publisher\":{\"@id\":\"https:\/\/www.uksestukseni.ee\/#organization\"},\"potentialAction\":[{\"@type\":\"SearchAction\",\"target\":{\"@type\":\"EntryPoint\",\"urlTemplate\":\"https:\/\/www.uksestukseni.ee\/?s={search_term_string}\"},\"query-input\":{\"@type\":\"PropertyValueSpecification\",\"valueRequired\":true,\"valueName\":\"search_term_string\"}}],\"inLanguage\":\"ru-RU\"},{\"@type\":\"Organization\",\"@id\":\"https:\/\/www.uksestukseni.ee\/#organization\",\"name\":\"Kolimisteenus Tallinnas Uksest Ukseni\",\"url\":\"https:\/\/www.uksestukseni.ee\/\",\"logo\":{\"@type\":\"ImageObject\",\"inLanguage\":\"ru-RU\",\"@id\":\"https:\/\/www.uksestukseni.ee\/#\/schema\/logo\/image\/\",\"url\":\"https:\/\/www.uksestukseni.ee\/wp-content\/uploads\/2017\/12\/logo.png\",\"contentUrl\":\"https:\/\/www.uksestukseni.ee\/wp-content\/uploads\/2017\/12\/logo.png\",\"width\":528,\"height\":189,\"caption\":\"Kolimisteenus Tallinnas Uksest Ukseni\"},\"image\":{\"@id\":\"https:\/\/www.uksestukseni.ee\/#\/schema\/logo\/image\/\"},\"sameAs\":[\"https:\/\/www.facebook.com\/uksestukseni\/\",\"https:\/\/www.instagram.com\/kolimisteenus\/\",\"https:\/\/www.youtube.com\/channel\/UC5-1GARIGLHRjOQqCDrOEfQ\"]},{\"@type\":\"Person\",\"@id\":\"https:\/\/www.uksestukseni.ee\/#\/schema\/person\/7b8dac22397ed7ad41e4b253d2b4e4c4\",\"name\":\"Kert\",\"image\":{\"@type\":\"ImageObject\",\"inLanguage\":\"ru-RU\",\"@id\":\"https:\/\/www.uksestukseni.ee\/#\/schema\/person\/image\/\",\"url\":\"https:\/\/secure.gravatar.com\/avatar\/86becf08e54fd2e4ca5b957cdd5d26e16abdfcd4bdf0b255fd0b2e287e900b2a?s=96&d=mm&r=g\",\"contentUrl\":\"https:\/\/secure.gravatar.com\/avatar\/86becf08e54fd2e4ca5b957cdd5d26e16abdfcd4bdf0b255fd0b2e287e900b2a?s=96&d=mm&r=g\",\"caption\":\"Kert\"}}]}<\/script>\n<!-- \/ Yoast SEO plugin. -->","yoast_head_json":{"title":"Transporditeenus, veoteenus ja kaubavedu Uksest Ukseni | Kolimisteenus Tallinnas - Abi kolimisel, M\u00f6\u00f6blivedu - T\u00f5steteenus korrusele","robots":{"index":"index","follow":"follow","max-snippet":"max-snippet:-1","max-image-preview":"max-image-preview:large","max-video-preview":"max-video-preview:-1"},"canonical":"https:\/\/www.uksestukseni.ee\/2018\/05\/17\/kaubavedu-veoteenus-transporditeenus\/","og_locale":"ru_RU","og_type":"article","og_title":"Transporditeenus, veoteenus ja kaubavedu Uksest Ukseni | Kolimisteenus Tallinnas - Abi kolimisel, M\u00f6\u00f6blivedu - T\u00f5steteenus korrusele","og_description":"Transporditeenus, kaubavedu, veoteenus, logistikateenus ja veokorraldus Kaubavedu Eesti siseselt ja v\u00e4lismaal Transporditeenus Uksest Ukseni. Pakume kaubaveoks ja veoteenuseks erineva kaubaruumi suurusega, erineva kandev\u00f5imega ja erineva mahutuvusega transpordiveokeid. On pakkuda nii tavakaubikud, mis on klassikalise kaubaruumi suurusega (14m3), furgoone tagaluukidega ja kaubaruumi suurusega (21m3) kui ka suurema kaubaruumiga (45m3) ja tagaluukiga veokeid, kus tagaluuki kandev\u00f5ime on [&hellip;]","og_url":"https:\/\/www.uksestukseni.ee\/2018\/05\/17\/kaubavedu-veoteenus-transporditeenus\/","og_site_name":"Kolimisteenus Tallinnas - Abi kolimisel, M\u00f6\u00f6blivedu - T\u00f5steteenus korrusele","article_publisher":"https:\/\/www.facebook.com\/uksestukseni\/","article_published_time":"2021-05-29T20:28:54+00:00","og_image":[{"width":1024,"height":768,"url":"https:\/\/www.uksestukseni.ee\/wp-content\/uploads\/2018\/05\/22.jpg","type":"image\/jpeg"}],"author":"Kert","twitter_card":"summary_large_image","twitter_misc":{"\u041d\u0430\u043f\u0438\u0441\u0430\u043d\u043e \u0430\u0432\u0442\u043e\u0440\u043e\u043c":"Kert","\u041f\u0440\u0438\u043c\u0435\u0440\u043d\u043e\u0435 \u0432\u0440\u0435\u043c\u044f \u0434\u043b\u044f \u0447\u0442\u0435\u043d\u0438\u044f":"1 \u043c\u0438\u043d\u0443\u0442\u0430"},"schema":{"@context":"https:\/\/schema.org","@graph":[{"@type":"Article","@id":"https:\/\/www.uksestukseni.ee\/2018\/05\/17\/kaubavedu-veoteenus-transporditeenus\/#article","isPartOf":{"@id":"https:\/\/www.uksestukseni.ee\/2018\/05\/17\/kaubavedu-veoteenus-transporditeenus\/"},"author":{"name":"Kert","@id":"https:\/\/www.uksestukseni.ee\/#\/schema\/person\/7b8dac22397ed7ad41e4b253d2b4e4c4"},"headline":"Transporditeenus, veoteenus ja kaubavedu Uksest Ukseni","datePublished":"2021-05-29T20:28:54+00:00","mainEntityOfPage":{"@id":"https:\/\/www.uksestukseni.ee\/2018\/05\/17\/kaubavedu-veoteenus-transporditeenus\/"},"wordCount":177,"commentCount":0,"publisher":{"@id":"https:\/\/www.uksestukseni.ee\/#organization"},"image":{"@id":"https:\/\/www.uksestukseni.ee\/2018\/05\/17\/kaubavedu-veoteenus-transporditeenus\/#primaryimage"},"thumbnailUrl":"https:\/\/www.uksestukseni.ee\/wp-content\/uploads\/2018\/05\/22.jpg","articleSection":["\u0411\u0435\u0437 \u043a\u0430\u0442\u0435\u0433\u043e\u0440\u0438\u0438"],"inLanguage":"ru-RU","potentialAction":[{"@type":"CommentAction","name":"Comment","target":["https:\/\/www.uksestukseni.ee\/2018\/05\/17\/kaubavedu-veoteenus-transporditeenus\/#respond"]}]},{"@type":"WebPage","@id":"https:\/\/www.uksestukseni.ee\/2018\/05\/17\/kaubavedu-veoteenus-transporditeenus\/","url":"https:\/\/www.uksestukseni.ee\/2018\/05\/17\/kaubavedu-veoteenus-transporditeenus\/","name":"Transporditeenus, veoteenus ja kaubavedu Uksest Ukseni | Kolimisteenus Tallinnas - Abi kolimisel, M\u00f6\u00f6blivedu - T\u00f5steteenus korrusele","isPartOf":{"@id":"https:\/\/www.uksestukseni.ee\/#website"},"primaryImageOfPage":{"@id":"https:\/\/www.uksestukseni.ee\/2018\/05\/17\/kaubavedu-veoteenus-transporditeenus\/#primaryimage"},"image":{"@id":"https:\/\/www.uksestukseni.ee\/2018\/05\/17\/kaubavedu-veoteenus-transporditeenus\/#primaryimage"},"thumbnailUrl":"https:\/\/www.uksestukseni.ee\/wp-content\/uploads\/2018\/05\/22.jpg","datePublished":"2021-05-29T20:28:54+00:00","breadcrumb":{"@id":"https:\/\/www.uksestukseni.ee\/2018\/05\/17\/kaubavedu-veoteenus-transporditeenus\/#breadcrumb"},"inLanguage":"ru-RU","potentialAction":[{"@type":"ReadAction","target":["https:\/\/www.uksestukseni.ee\/2018\/05\/17\/kaubavedu-veoteenus-transporditeenus\/"]}]},{"@type":"ImageObject","inLanguage":"ru-RU","@id":"https:\/\/www.uksestukseni.ee\/2018\/05\/17\/kaubavedu-veoteenus-transporditeenus\/#primaryimage","url":"https:\/\/www.uksestukseni.ee\/wp-content\/uploads\/2018\/05\/22.jpg","contentUrl":"https:\/\/www.uksestukseni.ee\/wp-content\/uploads\/2018\/05\/22.jpg","width":1024,"height":768},{"@type":"BreadcrumbList","@id":"https:\/\/www.uksestukseni.ee\/2018\/05\/17\/kaubavedu-veoteenus-transporditeenus\/#breadcrumb","itemListElement":[{"@type":"ListItem","position":1,"name":"Home","item":"https:\/\/www.uksestukseni.ee\/ru\/"},{"@type":"ListItem","position":2,"name":"Transporditeenus, veoteenus ja kaubavedu Uksest Ukseni"}]},{"@type":"WebSite","@id":"https:\/\/www.uksestukseni.ee\/#website","url":"https:\/\/www.uksestukseni.ee\/","name":"Kolimisteenus Tallinnas - Abi kolimisel, M\u00f6\u00f6blivedu - T\u00f5steteenus korrusele","description":"Kolimisteenus Tallinnas - Abi kolimisel, M\u00f6\u00f6blivedu - T\u00f5steteenus korrusele","publisher":{"@id":"https:\/\/www.uksestukseni.ee\/#organization"},"potentialAction":[{"@type":"SearchAction","target":{"@type":"EntryPoint","urlTemplate":"https:\/\/www.uksestukseni.ee\/?s={search_term_string}"},"query-input":{"@type":"PropertyValueSpecification","valueRequired":true,"valueName":"search_term_string"}}],"inLanguage":"ru-RU"},{"@type":"Organization","@id":"https:\/\/www.uksestukseni.ee\/#organization","name":"Kolimisteenus Tallinnas Uksest Ukseni","url":"https:\/\/www.uksestukseni.ee\/","logo":{"@type":"ImageObject","inLanguage":"ru-RU","@id":"https:\/\/www.uksestukseni.ee\/#\/schema\/logo\/image\/","url":"https:\/\/www.uksestukseni.ee\/wp-content\/uploads\/2017\/12\/logo.png","contentUrl":"https:\/\/www.uksestukseni.ee\/wp-content\/uploads\/2017\/12\/logo.png","width":528,"height":189,"caption":"Kolimisteenus Tallinnas Uksest Ukseni"},"image":{"@id":"https:\/\/www.uksestukseni.ee\/#\/schema\/logo\/image\/"},"sameAs":["https:\/\/www.facebook.com\/uksestukseni\/","https:\/\/www.instagram.com\/kolimisteenus\/","https:\/\/www.youtube.com\/channel\/UC5-1GARIGLHRjOQqCDrOEfQ"]},{"@type":"Person","@id":"https:\/\/www.uksestukseni.ee\/#\/schema\/person\/7b8dac22397ed7ad41e4b253d2b4e4c4","name":"Kert","image":{"@type":"ImageObject","inLanguage":"ru-RU","@id":"https:\/\/www.uksestukseni.ee\/#\/schema\/person\/image\/","url":"https:\/\/secure.gravatar.com\/avatar\/86becf08e54fd2e4ca5b957cdd5d26e16abdfcd4bdf0b255fd0b2e287e900b2a?s=96&d=mm&r=g","contentUrl":"https:\/\/secure.gravatar.com\/avatar\/86becf08e54fd2e4ca5b957cdd5d26e16abdfcd4bdf0b255fd0b2e287e900b2a?s=96&d=mm&r=g","caption":"Kert"}}]}},"_links":{"self":[{"href":"https:\/\/www.uksestukseni.ee\/ru\/wp-json\/wp\/v2\/posts\/3902","targetHints":{"allow":["GET"]}}],"collection":[{"href":"https:\/\/www.uksestukseni.ee\/ru\/wp-json\/wp\/v2\/posts"}],"about":[{"href":"https:\/\/www.uksestukseni.ee\/ru\/wp-json\/wp\/v2\/types\/post"}],"author":[{"embeddable":true,"href":"https:\/\/www.uksestukseni.ee\/ru\/wp-json\/wp\/v2\/users\/3"}],"replies":[{"embeddable":true,"href":"https:\/\/www.uksestukseni.ee\/ru\/wp-json\/wp\/v2\/comments?post=3902"}],"version-history":[{"count":1,"href":"https:\/\/www.uksestukseni.ee\/ru\/wp-json\/wp\/v2\/posts\/3902\/revisions"}],"predecessor-version":[{"id":3922,"href":"https:\/\/www.uksestukseni.ee\/ru\/wp-json\/wp\/v2\/posts\/3902\/revisions\/3922"}],"wp:featuredmedia":[{"embeddable":true,"href":"https:\/\/www.uksestukseni.ee\/ru\/wp-json\/wp\/v2\/media\/1546"}],"wp:attachment":[{"href":"https:\/\/www.uksestukseni.ee\/ru\/wp-json\/wp\/v2\/media?parent=3902"}],"wp:term":[{"taxonomy":"category","embeddable":true,"href":"https:\/\/www.uksestukseni.ee\/ru\/wp-json\/wp\/v2\/categories?post=3902"},{"taxonomy":"post_tag","embeddable":true,"href":"https:\/\/www.uksestukseni.ee\/ru\/wp-json\/wp\/v2\/tags?post=3902"}],"curies":[{"name":"wp","href":"https:\/\/api.w.org\/{rel}","templated":true}]}}